{"id":184,"date":"2026-05-04T10:09:06","date_gmt":"2026-05-04T08:09:06","guid":{"rendered":"https:\/\/babel.uw.edu.pl\/?p=184"},"modified":"2026-07-09T21:24:23","modified_gmt":"2026-07-09T19:24:23","slug":"szkola-letnia-jezykow-wielkich-cywilizacji","status":"publish","type":"post","link":"https:\/\/babel.uw.edu.pl\/index.php\/2026\/05\/04\/szkola-letnia-jezykow-wielkich-cywilizacji\/","title":{"rendered":"SZKO\u0141A  LETNIA"},"content":{"rendered":"\n<p class=\"has-text-align-left wp-block-paragraph\"><strong>Fundacja Babel<\/strong> zaprasza na intensywn\u0105 szko\u0142\u0119 letni\u0105 po\u015bwi\u0119con\u0105 j\u0119zykom dawnym i pracy z tekstem. W programie: wprowadzenie do greki, koptyjskiego, sanskrytu oraz j\u0119zyka staro-cerkiewno-s\u0142owia\u0144skiego. Zaj\u0119cia b\u0119d\u0105 mia\u0142y charakter warsztatowy i skoncentrowane b\u0119d\u0105 na czytaniu kr\u00f3tkich tekst\u00f3w \u017ar\u00f3d\u0142owych oraz rozumieniu tradycji, w kt\u00f3rych powsta\u0142y.<\/p>\n\n\n\n<p class=\"wp-block-paragraph\">Szko\u0142a przeznaczona jest dla os\u00f3b zainteresowanych filologi\u0105, histori\u0105 religii, kultur\u0105 antyczn\u0105 i prac\u0105 ze \u017ar\u00f3d\u0142ami.<br><br><strong>Data<\/strong>: 13\u201324.07.2026<\/p>\n\n\n\n<p class=\"wp-block-paragraph\"><strong>Miejsce<\/strong>: zaj\u0119cia odbywaj\u0105&nbsp;si\u0119&nbsp;online (Google Meet) w ma\u0142ej grupie<\/p>\n\n\n\n<p class=\"wp-block-paragraph\"><strong>Czas<\/strong>: godziny popo\u0142udniowo\/wieczorne (lub do indywidualnego ustalenia), poniedzia\u0142ek \u2013 pi\u0105tek, 90 minut<\/p>\n\n\n\n<p class=\"wp-block-paragraph\"><strong>J\u0119zyki<\/strong>: greka koine, koptyjski, sanskryt, staro-cerkiewno-s\u0142owia\u0144ski<br><br><strong>Op\u0142ata za udzia\u0142:<\/strong><\/p>\n\n\n\n<ul class=\"wp-block-list\">\n<li>650 z\u0142 (early bird) \u2013 <strong>do 15.06<\/strong><\/li>\n\n\n\n<li>800 z\u0142 (cena regularna)<\/li>\n<\/ul>\n\n\n\n<p class=\"wp-block-paragraph\"><strong>Tytu\u0142 wp\u0142aty:<\/strong> Darowizna na cele statutowe \u2013 Szko\u0142a Letnia 2026 \u2013 Imi\u0119 Nazwisko, kurs<\/p>\n\n\n\n<p class=\"wp-block-paragraph\"><strong>50 1140 2004 0000 3202 8106 4528<\/strong><\/p>\n\n\n\n<p class=\"wp-block-paragraph\"><strong>Termin zg\u0142osze\u0144: do 10.07<\/strong><\/p>\n\n\n\n<p class=\"wp-block-paragraph\">Liczba miejsc ograniczona.<\/p>\n\n\n\n<h2 class=\"wp-block-heading\"><strong>Kursy<\/strong><\/h2>\n\n\n\n<h3 class=\"wp-block-heading\"><strong>Greka koine <\/strong><\/h3>\n\n\n\n<p class=\"wp-block-paragraph\">Kurs stanowi wprowadzenie do greki koine, j\u0119zyka Nowego Testamentu i wczesnochrze\u015bcija\u0144skiej literatury. Uczestnicy poznaj\u0105 podstawowe elementy gramatyki (deklinacje, koniugacje, sk\u0142adni\u0119) oraz s\u0142ownictwo, a tak\u017ce naucz\u0105 si\u0119 korzysta\u0107 z tekstu greckiego w praktyce. W trakcie zaj\u0119\u0107 przewidziana jest lektura prostych fragment\u00f3w oryginalnych tekst\u00f3w.<\/p>\n\n\n\n<p class=\"wp-block-paragraph\"><strong>Lektorzy<\/strong>:<\/p>\n\n\n<div class=\"wp-block-image\">\n<figure class=\"alignleft size-large is-resized\"><img loading=\"lazy\" decoding=\"async\" width=\"1024\" height=\"820\" src=\"https:\/\/babel.uw.edu.pl\/wp-content\/uploads\/2026\/05\/IMG_5911-1-1024x820.jpeg\" alt=\"\" class=\"wp-image-194\" style=\"aspect-ratio:1.2488004606231207;width:187px;height:auto\" srcset=\"https:\/\/babel.uw.edu.pl\/wp-content\/uploads\/2026\/05\/IMG_5911-1-1024x820.jpeg 1024w, https:\/\/babel.uw.edu.pl\/wp-content\/uploads\/2026\/05\/IMG_5911-1-300x240.jpeg 300w, https:\/\/babel.uw.edu.pl\/wp-content\/uploads\/2026\/05\/IMG_5911-1-768x615.jpeg 768w, https:\/\/babel.uw.edu.pl\/wp-content\/uploads\/2026\/05\/IMG_5911-1-1536x1231.jpeg 1536w, https:\/\/babel.uw.edu.pl\/wp-content\/uploads\/2026\/05\/IMG_5911-1-2048x1641.jpeg 2048w, https:\/\/babel.uw.edu.pl\/wp-content\/uploads\/2026\/05\/IMG_5911-1-1200x961.jpeg 1200w, https:\/\/babel.uw.edu.pl\/wp-content\/uploads\/2026\/05\/IMG_5911-1-1980x1586.jpeg 1980w\" sizes=\"auto, (max-width: 1024px) 100vw, 1024px\" \/><\/figure>\n<\/div>\n\n\n<p class=\"wp-block-paragraph\"><strong>Iwona Antoniak \u2013<\/strong> absolwentka filologii klasycznej na Uniwersytecie Warszawskim, koptolo\u017cka i prezeska Fundacji Babel, kt\u00f3ra od lat popularyzuje j\u0119zyki staro\u017cytne i kultur\u0119 antyku.<\/p>\n\n\n\n<p class=\"wp-block-paragraph\">Uczestniczy\u0142a w badaniach archeologicznych w Egipcie (m.in. Elefantyna i Teby), gdzie mia\u0142a okazj\u0119 pracowa\u0107 bezpo\u015brednio z materia\u0142em \u017ar\u00f3d\u0142owym. Autorka publikacji po\u015bwi\u0119conych monastycyzmowi koptyjskiemu i tekstom \u017cr\u00f3d\u0142owym. Na swoich zaj\u0119ciach \u0142\u0105czy podej\u015bcie filologiczne z szerokim kontekstem historycznym i kulturowym, pokazuj\u0105c, \u017ce j\u0119zyki staro\u017cytne to nie tylko gramatyka, ale \u017cywy klucz do \u015bwiata dawnych ludzi.<\/p>\n\n\n\n<p class=\"wp-block-paragraph\">Prywatnie mi\u0142o\u015bniczka samotnych wypraw poza utartymi szlakami, poliglotka.<\/p>\n\n\n\n<p class=\"wp-block-paragraph\"><\/p>\n\n\n\n<p class=\"wp-block-paragraph\"><\/p>\n\n\n<div class=\"wp-block-image\">\n<figure class=\"alignleft size-large is-resized\"><img loading=\"lazy\" decoding=\"async\" width=\"759\" height=\"1024\" src=\"https:\/\/babel.uw.edu.pl\/wp-content\/uploads\/2026\/05\/unnamed-759x1024.png\" alt=\"\" class=\"wp-image-193\" style=\"aspect-ratio:0.7412189101955572;width:144px;height:auto\" srcset=\"https:\/\/babel.uw.edu.pl\/wp-content\/uploads\/2026\/05\/unnamed-759x1024.png 759w, https:\/\/babel.uw.edu.pl\/wp-content\/uploads\/2026\/05\/unnamed-222x300.png 222w, https:\/\/babel.uw.edu.pl\/wp-content\/uploads\/2026\/05\/unnamed-768x1036.png 768w, https:\/\/babel.uw.edu.pl\/wp-content\/uploads\/2026\/05\/unnamed.png 996w\" sizes=\"auto, (max-width: 759px) 100vw, 759px\" \/><\/figure>\n<\/div>\n\n\n<p class=\"wp-block-paragraph\"><strong>Oliwier Le\u015bniewski<\/strong> &#8211; Absolwent filozofii na Uniwersytecie Warszawskim oraz studi\u00f3w podyplomowych z zakresu life coachingu w Collegium Civitas. Interesuje si\u0119 j\u0119zykiem starogreckim, muzyk\u0105 i literatur\u0105, \u0142\u0105cz\u0105c refleksj\u0119 filozoficzn\u0105 z pasj\u0105 do kultury i rozwoju osobistego.<\/p>\n\n\n\n<p class=\"wp-block-paragraph\"><\/p>\n\n\n\n<p class=\"wp-block-paragraph\"><\/p>\n\n\n\n<h3 class=\"wp-block-heading\"><strong>Koptyjski <\/strong><\/h3>\n\n\n\n<p class=\"wp-block-paragraph\">Kurs wprowadza w j\u0119zyk koptyjski, ostatnie stadium j\u0119zyka egipskiego, zachowane przede wszystkim w tekstach chrze\u015bcija\u0144skich. Uczestnicy zapoznaj\u0105 si\u0119 z alfabetem koptyjskim, podstawami gramatyki oraz s\u0142ownictwem. Podczas zaj\u0119\u0107 omawiane b\u0119d\u0105 r\u00f3wnie\u017c wybrane zagadnienia kulturowe i historyczne zwi\u0105zane z monastycyzmem egipskim, a uczestnicy spr\u00f3buj\u0105 czyta\u0107 kr\u00f3tkie teksty w oryginale.<\/p>\n\n\n\n<p class=\"wp-block-paragraph\"><strong>Wymagania wst\u0119pne:<br><\/strong>Kurs przeznaczony jest dla os\u00f3b pocz\u0105tkuj\u0105cych. Znajomo\u015b\u0107 alfabetu greckiego b\u0119dzie pomocna, ale nie jest konieczna.<\/p>\n\n\n\n<p class=\"wp-block-paragraph\"><strong>Lektorka:&nbsp;<\/strong><\/p>\n\n\n<div class=\"wp-block-image\">\n<figure class=\"alignleft size-large is-resized\"><img loading=\"lazy\" decoding=\"async\" width=\"1024\" height=\"820\" src=\"https:\/\/babel.uw.edu.pl\/wp-content\/uploads\/2026\/05\/IMG_5911-1-1024x820.jpeg\" alt=\"\" class=\"wp-image-194\" style=\"aspect-ratio:1.2488004606231207;width:161px;height:auto\" srcset=\"https:\/\/babel.uw.edu.pl\/wp-content\/uploads\/2026\/05\/IMG_5911-1-1024x820.jpeg 1024w, https:\/\/babel.uw.edu.pl\/wp-content\/uploads\/2026\/05\/IMG_5911-1-300x240.jpeg 300w, https:\/\/babel.uw.edu.pl\/wp-content\/uploads\/2026\/05\/IMG_5911-1-768x615.jpeg 768w, https:\/\/babel.uw.edu.pl\/wp-content\/uploads\/2026\/05\/IMG_5911-1-1536x1231.jpeg 1536w, https:\/\/babel.uw.edu.pl\/wp-content\/uploads\/2026\/05\/IMG_5911-1-2048x1641.jpeg 2048w, https:\/\/babel.uw.edu.pl\/wp-content\/uploads\/2026\/05\/IMG_5911-1-1200x961.jpeg 1200w, https:\/\/babel.uw.edu.pl\/wp-content\/uploads\/2026\/05\/IMG_5911-1-1980x1586.jpeg 1980w\" sizes=\"auto, (max-width: 1024px) 100vw, 1024px\" \/><\/figure>\n<\/div>\n\n\n<p class=\"wp-block-paragraph\"><strong>Iwona Antoniak <\/strong>&#8211; biogram dost\u0119pny przy kursie j\u0119zyka greckiego.<\/p>\n\n\n\n<p class=\"wp-block-paragraph\"><\/p>\n\n\n\n<p class=\"wp-block-paragraph\"><\/p>\n\n\n\n<p class=\"wp-block-paragraph\"><\/p>\n\n\n\n<p class=\"wp-block-paragraph\"><\/p>\n\n\n\n<p class=\"wp-block-paragraph\"><\/p>\n\n\n\n<h3 class=\"wp-block-heading\"><strong>Sanskryt<\/strong><\/h3>\n\n\n\n<p class=\"wp-block-paragraph\"><\/p>\n\n\n\n<p class=\"wp-block-paragraph\">Kurs stanowi wprowadzenie do sanskrytu, na kt\u00f3rym uczestnicy poznaj\u0105 podstawowe zagadnienia gramatyczne oraz s\u0142ownictwo. Zapoznaj\u0105&nbsp;si\u0119&nbsp;te\u017c&nbsp;z podstawowymi informacjami na temat literatury oraz historii sanskrytu, a na koniec sami spr\u00f3buj\u0105&nbsp;przeczyta\u0107&nbsp;prosty tekst.&nbsp;<\/p>\n\n\n\n<p class=\"wp-block-paragraph\"><strong>Wymagania wst\u0119pne:<\/strong><\/p>\n\n\n\n<p class=\"wp-block-paragraph\">Pismo dewanagari, w kt\u00f3rym zapisuje si\u0119 sanskryt nie b\u0119dzie wprowadzane na zaj\u0119ciach z uwagi na czas; uczestnicy proszeni s\u0105 o zapoznanie si\u0119&nbsp;z pismem na podstawie przes\u0142anych materia\u0142\u00f3w. Wcze\u015bniejsza znajomo\u015b\u0107&nbsp;sanskrytu nie jest konieczna.&nbsp;<\/p>\n\n\n\n<p class=\"wp-block-paragraph\"><strong>Literatura:<\/strong><\/p>\n\n\n\n<p class=\"wp-block-paragraph\">\u201cSanskryt\u201d Marek Mejor, Wydawnictwo Akademickie Dialog, 2000<\/p>\n\n\n\n<p class=\"wp-block-paragraph\">\u201cPodr\u0119cznik sanskrytu\u201d Andrzej Gawro\u0144ski, Wydawnictwo Akademickie Dialog, 2021<\/p>\n\n\n\n<p class=\"wp-block-paragraph\"><\/p>\n\n\n\n<p class=\"wp-block-paragraph\"><strong>Lektorka:<\/strong><\/p>\n\n\n<div class=\"wp-block-image\">\n<figure class=\"alignleft size-large is-resized\"><img loading=\"lazy\" decoding=\"async\" width=\"766\" height=\"1024\" src=\"https:\/\/babel.uw.edu.pl\/wp-content\/uploads\/2026\/05\/unnamed-766x1024.jpg\" alt=\"\" class=\"wp-image-185\" style=\"aspect-ratio:0.7480503554388855;width:173px;height:auto\" srcset=\"https:\/\/babel.uw.edu.pl\/wp-content\/uploads\/2026\/05\/unnamed-766x1024.jpg 766w, https:\/\/babel.uw.edu.pl\/wp-content\/uploads\/2026\/05\/unnamed-225x300.jpg 225w, https:\/\/babel.uw.edu.pl\/wp-content\/uploads\/2026\/05\/unnamed-768x1026.jpg 768w, https:\/\/babel.uw.edu.pl\/wp-content\/uploads\/2026\/05\/unnamed-1150x1536.jpg 1150w, https:\/\/babel.uw.edu.pl\/wp-content\/uploads\/2026\/05\/unnamed-1533x2048.jpg 1533w, https:\/\/babel.uw.edu.pl\/wp-content\/uploads\/2026\/05\/unnamed-1200x1603.jpg 1200w, https:\/\/babel.uw.edu.pl\/wp-content\/uploads\/2026\/05\/unnamed-1980x2646.jpg 1980w, https:\/\/babel.uw.edu.pl\/wp-content\/uploads\/2026\/05\/unnamed-scaled.jpg 1916w\" sizes=\"auto, (max-width: 766px) 100vw, 766px\" \/><\/figure>\n<\/div>\n\n\n<p class=\"wp-block-paragraph\"><strong>Ma\u0142gorzata Sulich-Cowley<\/strong> \u2013 indolo\u017cka, sanskrytolo\u017cka, lektorka j\u0119zyka angielskiego,&nbsp; doktora nauk humanistycznych (2013, Wydzia\u0142 Kultur Azji i Afryki UW) w zakresie j\u0119zykoznawstwa. Stypendystka rz\u0105du Indii w latach 2002-2004 w Departament of Sanskrit and Prakrit Languages na uniwersytecie w Punie (Maharasztra) oraz rz\u0105du Szwajcarii w latach 2009-2010 w Section de langues et civilisations orientales, Facult\u00e9 des Lettres na Universit\u00e9 de Lausanne. Cz\u0142onki Fundacji Babel (od 2013) oraz Centrum Bada\u0144 Por\u00f3wnawczych nad Filozofi\u0105 Wschodu i Zachodu przy Uniwersytecie Warszawskim (od 2023). Jej zainteresowania badawcze obejmuj\u0105 tradycj\u0119 gramatyki sanskryckiej i filozofii j\u0119zyka w Indiach oraz uniwersalizm opisu j\u0119zykowego i kategorii gramatycznych.&nbsp;<\/p>\n\n\n\n<div class=\"wp-block-group is-vertical is-layout-flex wp-container-core-group-is-layout-4fc3f8e1 wp-block-group-is-layout-flex\">\n<p class=\"wp-block-paragraph\"><\/p>\n<\/div>\n\n\n\n<h3 class=\"wp-block-heading\"><strong>Staro-cerkiewno-s\u0142owia\u0144ski<\/strong><\/h3>\n\n\n\n<p class=\"wp-block-paragraph\">Kurs \u0142\u0105czy podstawy wiedzy o samym j\u0119zyku oraz tle historyczno-kulturowym regionu, gdzie on wyst\u0119powa\u0142. Uczestnicy poznaj\u0105 alfabety cyryliczny oraz g\u0142agoliczny, cyfir &#8211; czyli system zapisu liczb, szczeg\u00f3\u0142y na temat r\u0119kopis\u00f3w oraz kaligrafii s\u0142owia\u0144skiej.<\/p>\n\n\n\n<p class=\"wp-block-paragraph\">Znajomo\u015b\u0107 wsp\u00f3\u0142czesnych j\u0119zyk\u00f3w wschodnio- lub po\u0142udniowos\u0142owia\u0144skich, jak i alfabetu cyrylicznego jest mile widziana, ale nie jest obowi\u0105zkowa.<\/p>\n\n\n\n<p class=\"wp-block-paragraph\">Wszystkie materia\u0142y dydaktyczne oraz literatura zostanie przes\u0142ana przez prowadz\u0105c\u0105.<\/p>\n\n\n\n<p class=\"wp-block-paragraph\"><strong>Lektorka:<\/strong><\/p>\n\n\n<div class=\"wp-block-image\">\n<figure class=\"alignleft size-large is-resized\"><img loading=\"lazy\" decoding=\"async\" width=\"1024\" height=\"1024\" src=\"https:\/\/babel.uw.edu.pl\/wp-content\/uploads\/2026\/05\/458124755_7920486064730450_4994144618019886828_n-1024x1024.jpg\" alt=\"\" class=\"wp-image-187\" style=\"width:165px;height:auto\" srcset=\"https:\/\/babel.uw.edu.pl\/wp-content\/uploads\/2026\/05\/458124755_7920486064730450_4994144618019886828_n-1024x1024.jpg 1024w, https:\/\/babel.uw.edu.pl\/wp-content\/uploads\/2026\/05\/458124755_7920486064730450_4994144618019886828_n-300x300.jpg 300w, https:\/\/babel.uw.edu.pl\/wp-content\/uploads\/2026\/05\/458124755_7920486064730450_4994144618019886828_n-150x150.jpg 150w, https:\/\/babel.uw.edu.pl\/wp-content\/uploads\/2026\/05\/458124755_7920486064730450_4994144618019886828_n-768x768.jpg 768w, https:\/\/babel.uw.edu.pl\/wp-content\/uploads\/2026\/05\/458124755_7920486064730450_4994144618019886828_n-1536x1536.jpg 1536w, https:\/\/babel.uw.edu.pl\/wp-content\/uploads\/2026\/05\/458124755_7920486064730450_4994144618019886828_n-1200x1200.jpg 1200w, https:\/\/babel.uw.edu.pl\/wp-content\/uploads\/2026\/05\/458124755_7920486064730450_4994144618019886828_n-1980x1980.jpg 1980w, https:\/\/babel.uw.edu.pl\/wp-content\/uploads\/2026\/05\/458124755_7920486064730450_4994144618019886828_n.jpg 2048w\" sizes=\"auto, (max-width: 1024px) 100vw, 1024px\" \/><\/figure>\n<\/div>\n\n\n<p class=\"wp-block-paragraph\"><strong>Evelina Kachynska<\/strong> &#8211; archeolo\u017cka i historyczka sztuki, bizantynistka. Prowadzi badania nad bizantyjsk\u0105 oraz rusk\u0105 architektur\u0105 sakraln\u0105, ko\u0144cz\u0105c aktualnie prace nad doktoratem. Kocha Konstantynopol w ka\u017cdej postaci, nawet osma\u0144skiej. Prywatnie zg\u0142\u0119bia tajniki p\u00f3\u017anoantycznej perfumerii botanicznej.<\/p>\n\n\n\n<p class=\"wp-block-paragraph\"><\/p>\n\n\n\n<h3 class=\"wp-block-heading\"><\/h3>\n\n\n\n<p class=\"wp-block-paragraph\"><\/p>\n\n\n\n<h3 class=\"wp-block-heading\"><\/h3>\n\n\n\n<p class=\"wp-block-paragraph\"><\/p>\n\n\n\n<p class=\"wp-block-paragraph\"><strong>Jako fundacja non-profit utrzymujemy op\u0142at\u0119 na mo\u017cliwie niskim poziomie&nbsp; &#8211; pokrywa ona wy\u0142\u0105cznie koszty organizacji i prowadzenia zaj\u0119\u0107.<\/strong><\/p>\n\n\n\n<p class=\"wp-block-paragraph\">50 1140 2004 0000 3202 8106 4528<\/p>\n","protected":false},"excerpt":{"rendered":"<p>Fundacja Babel zaprasza na intensywn\u0105 szko\u0142\u0119 letni\u0105 po\u015bwi\u0119con\u0105 j\u0119zykom dawnym i pracy z tekstem. W programie: wprowadzenie do greki, koptyjskiego, sanskrytu oraz j\u0119zyka staro-cerkiewno-s\u0142owia\u0144skiego. Zaj\u0119cia b\u0119d\u0105 mia\u0142y charakter warsztatowy i skoncentrowane b\u0119d\u0105 na czytaniu kr\u00f3tkich tekst\u00f3w \u017ar\u00f3d\u0142owych oraz rozumieniu tradycji, w kt\u00f3rych powsta\u0142y. Szko\u0142a przeznaczona jest dla os\u00f3b zainteresowanych filologi\u0105, histori\u0105 religii, kultur\u0105 antyczn\u0105 i [&hellip;]<\/p>\n","protected":false},"author":2,"featured_media":0,"comment_status":"open","ping_status":"open","sticky":false,"template":"","format":"standard","meta":{"footnotes":""},"categories":[1],"tags":[],"class_list":["post-184","post","type-post","status-publish","format-standard","hentry","category-bez-kategorii"],"_links":{"self":[{"href":"https:\/\/babel.uw.edu.pl\/index.php\/wp-json\/wp\/v2\/posts\/184","targetHints":{"allow":["GET"]}}],"collection":[{"href":"https:\/\/babel.uw.edu.pl\/index.php\/wp-json\/wp\/v2\/posts"}],"about":[{"href":"https:\/\/babel.uw.edu.pl\/index.php\/wp-json\/wp\/v2\/types\/post"}],"author":[{"embeddable":true,"href":"https:\/\/babel.uw.edu.pl\/index.php\/wp-json\/wp\/v2\/users\/2"}],"replies":[{"embeddable":true,"href":"https:\/\/babel.uw.edu.pl\/index.php\/wp-json\/wp\/v2\/comments?post=184"}],"version-history":[{"count":26,"href":"https:\/\/babel.uw.edu.pl\/index.php\/wp-json\/wp\/v2\/posts\/184\/revisions"}],"predecessor-version":[{"id":223,"href":"https:\/\/babel.uw.edu.pl\/index.php\/wp-json\/wp\/v2\/posts\/184\/revisions\/223"}],"wp:attachment":[{"href":"https:\/\/babel.uw.edu.pl\/index.php\/wp-json\/wp\/v2\/media?parent=184"}],"wp:term":[{"taxonomy":"category","embeddable":true,"href":"https:\/\/babel.uw.edu.pl\/index.php\/wp-json\/wp\/v2\/categories?post=184"},{"taxonomy":"post_tag","embeddable":true,"href":"https:\/\/babel.uw.edu.pl\/index.php\/wp-json\/wp\/v2\/tags?post=184"}],"curies":[{"name":"wp","href":"https:\/\/api.w.org\/{rel}","templated":true}]}}